{"id":9588,"date":"2021-11-15T09:36:57","date_gmt":"2021-11-15T09:36:57","guid":{"rendered":"https:\/\/centreinsight.es\/jo-no-soc-lansietat-2\/"},"modified":"2021-11-15T09:36:57","modified_gmt":"2021-11-15T09:36:57","slug":"jo-no-soc-lansietat-2","status":"publish","type":"post","link":"https:\/\/www.centreinsight.es\/ca\/blog\/jo-no-soc-lansietat-2\/","title":{"rendered":"Jo no s\u00f3c l?ansietat"},"content":{"rendered":"<p>Sabadell, 15\/11\/2021<\/p>\n<p><strong><img loading=\"lazy\" decoding=\"async\" class=\"size-medium wp-image-3707 aligncenter\" src=\"https:\/\/www.centreinsight.es\/wp-content\/uploads\/3-psicologos-sabadell-23-scaled-1-300x200.jpg\" alt=\"superar ansietat\" width=\"300\" height=\"200\"><br \/>\n<\/strong><\/p>\n<p><strong>L&#8217;atribuci\u00f3 d&#8217;alguns dels s\u00edmptomes provocats per problem\u00e0tiques de la salut mental \u00e9s una cosa que est\u00e0 for\u00e7a normalitzada, i no hauria de ser aix\u00ed.<\/strong><\/p>\n<p>En ter\u00e0pia \u00e9s habitual trobar-nos comentaris del tipus <strong>\u201cjo \u00e9s que s\u00f3c aix\u00ed\u201d, \u201csempre he estat aix\u00ed\u201d, \u201cja, per\u00f2 \u00e9s que jo s\u00f3c aix\u00ed, qu\u00e8 li far\u00e9\u201d<\/strong> . Aquestes frases es fan servir com a coletilla despr\u00e9s d&#8217;explicar-nos algunes conductes produ\u00efdes a causa de, per exemple: baix estat d&#8217;\u00e0nim, baixa activaci\u00f3 conductual, estr\u00e8s, ansietat, etc.  <strong>Quan la persona fa tant de temps que pateix una determinada simptomatologia, corre el perill d&#8217;atribuir-la al com \u00e9s, podr\u00edem dir que l&#8217;assimila, atribuint-la, per tant, al com \u00e9s.<\/strong><\/p>\n<p><img loading=\"lazy\" decoding=\"async\" class=\"aligncenter size-medium wp-image-3538\" src=\"https:\/\/www.centreinsight.es\/wp-content\/uploads\/ansiedad-sabadell-6-200x300.jpg\" alt=\"ansietat sabadell\" width=\"200\" height=\"300\"><\/p>\n<p>Nosaltres mantenim una relaci\u00f3 amb nosaltres mateixos, i tal com explico moltes vegades en sessi\u00f3, tal com ens parlem, tal com ens relacionem amb nosaltres mateixos, influir\u00e0 molt en el nostre estat d&#8217;\u00e0nim.  <strong>Frases com les descrites anteriorment, atribueixen al comportament ia la seva interpretaci\u00f3 del que li est\u00e0 succeint, una mena de fet immutable, o dif\u00edcilment canviable, ja que \u201cjo s\u00f3c aix\u00ed\u201d.<\/strong><\/p>\n<p>El baix estat d&#8217;\u00e0nim i l&#8217;ansietat provoca una simptomatologia que la gent que ho ha patit sap molt b\u00e9. Per\u00f2 \u00e9s que \u00e9s aix\u00f2 mateix, <strong>\u00e9s l&#8217;ansietat o la depressi\u00f3 la que provoca aquesta simptomatologia, i per tant la persona no \u00e9s aix\u00ed<\/strong> , s&#8217;est\u00e0 comportant aix\u00ed a causa d&#8217;un origen, depressi\u00f3 o ansietat.<\/p>\n<p><strong><img loading=\"lazy\" decoding=\"async\" class=\"aligncenter size-medium wp-image-3540\" src=\"https:\/\/www.centreinsight.es\/wp-content\/uploads\/psicologo-depresion-sabadell-300x200.jpg\" alt=\"psicoleg depressi\u00f3 sabadell\" width=\"300\" height=\"200\"><\/strong><\/p>\n<p><strong>Per qu\u00e8 quan tenim grip no diem som mocosos o som febrils, per\u00f2 quan tenim ansietat s\u00ed que diem som aix\u00ed?<\/strong>  Segurament perqu\u00e8 la simptomatologia \u00e9s m\u00e9s estable en el temps. Per\u00f2 hem de canviar aquest xip i desculpabilitzar-nos, ja que atribuir-nos els efectes de problem\u00e0tiques de caire mental provoca una culpabilitzaci\u00f3 en la persona que no \u00e9s gens justa.<\/p>\n<p><strong>La persona \u00e9s la persona, l&#8217;ansietat \u00e9s l&#8217;ansietat i el baix estat d&#8217;\u00e0nim \u00e9s baix estat d&#8217;\u00e0nim.<\/strong>  No ens atribu\u00efm q\u00fcestions que no provoquem nosaltres, siguem racionals i justos amb nosaltres mateixos.<\/p>\n<p><strong><img loading=\"lazy\" decoding=\"async\" class=\"aligncenter size-medium wp-image-3539\" src=\"https:\/\/www.centreinsight.es\/wp-content\/uploads\/psicologo-barato-sabadell-3-200x300.jpg\" alt=\"psicoleg barat sabadell\" width=\"200\" height=\"300\"><\/strong><\/p>\n<p><strong>Els psic\u00f2legs<\/strong> hem de parar esment a aquests fets, a com es parla la persona, per <strong>evitar aix\u00ed que introjecti percepcions que no s\u00f3n racionals<\/strong> , ja que aquestes poden provocar un gran malestar en el pacient.<\/p>\n<p>Si busques un <a href=\"https:\/\/www.centreinsight.es\"><strong>psic\u00f2leg a Sabadell,<\/strong><\/a> pots contactar amb nosaltres i demanar una primera visita a trav\u00e9s de la nostra p\u00e0gina web.<\/p>\n<p><strong>Jos\u00e9 R. Mart\u00edn<\/strong><\/p>\n<p>Psic\u00f2leg Sanitari n\u00fam. 24026<\/p>\n<p>Psicologia InSight Sabadell<\/p>\n","protected":false},"excerpt":{"rendered":"<p>Sabadell, 15\/11\/2021 L&#8217;atribuci\u00f3 d&#8217;alguns dels s\u00edmptomes provocats per problem\u00e0tiques de la salut mental \u00e9s una cosa que est\u00e0 for\u00e7a normalitzada, i no hauria de ser aix\u00ed. En ter\u00e0pia \u00e9s habitual trobar-nos comentaris del tipus \u201cjo \u00e9s que s\u00f3c aix\u00ed\u201d, \u201csempre he estat aix\u00ed\u201d, \u201cja, per\u00f2 \u00e9s que jo s\u00f3c aix\u00ed, qu\u00e8 li far\u00e9\u201d . Aquestes&#8230;<\/p>\n","protected":false},"author":1,"featured_media":0,"comment_status":"closed","ping_status":"closed","sticky":false,"template":"","format":"standard","meta":{"footnotes":""},"categories":[271],"tags":[262],"class_list":["post-9588","post","type-post","status-publish","format-standard","hentry","category-sense-categoria","tag-cast-ca"],"yoast_head":"<!-- This site is optimized with the Yoast SEO plugin v27.5 - https:\/\/yoast.com\/product\/yoast-seo-wordpress\/ -->\n<title>Jo no s\u00f3c l?ansietat - Psic\u00f2legs Sabadell - Psicologia InSight Sabadell<\/title>\n<meta name=\"description\" content=\"Article de psicologia sobre l&#039;ansietat i l&#039;atribuci\u00f3 d&#039;aquesta cap a la persona mateixa. Psic\u00f2legs Sabadell.\" \/>\n<meta name=\"robots\" content=\"index, follow, max-snippet:-1, max-image-preview:large, max-video-preview:-1\" \/>\n<link rel=\"canonical\" href=\"https:\/\/www.centreinsight.es\/ca\/blog\/jo-no-soc-lansietat-2\/\" \/>\n<meta property=\"og:locale\" content=\"ca_ES\" \/>\n<meta property=\"og:type\" content=\"article\" \/>\n<meta property=\"og:title\" content=\"Jo no s\u00f3c l?ansietat - Psic\u00f2legs Sabadell - Psicologia InSight Sabadell\" \/>\n<meta property=\"og:description\" content=\"Article de psicologia sobre l&#039;ansietat i l&#039;atribuci\u00f3 d&#039;aquesta cap a la persona mateixa. Psic\u00f2legs Sabadell.\" \/>\n<meta property=\"og:url\" content=\"https:\/\/www.centreinsight.es\/ca\/blog\/jo-no-soc-lansietat-2\/\" \/>\n<meta property=\"og:site_name\" content=\"Centre Insight\" \/>\n<meta property=\"article:publisher\" content=\"https:\/\/www.facebook.com\/centrepsicologiainsight\" \/>\n<meta property=\"article:published_time\" content=\"2021-11-15T09:36:57+00:00\" \/>\n<meta property=\"og:image\" content=\"https:\/\/www.centreinsight.es\/wp-content\/uploads\/3-psicologos-sabadell-23-scaled-1-300x200.jpg\" \/>\n<meta name=\"author\" content=\"rodanet\" \/>\n<meta name=\"twitter:card\" content=\"summary_large_image\" \/>\n<meta name=\"twitter:creator\" content=\"@Insightsbd\" \/>\n<meta name=\"twitter:site\" content=\"@Insightsbd\" \/>\n<meta name=\"twitter:label1\" content=\"Escrit per\" \/>\n\t<meta name=\"twitter:data1\" content=\"rodanet\" \/>\n\t<meta name=\"twitter:label2\" content=\"Temps estimat de lectura\" \/>\n\t<meta name=\"twitter:data2\" content=\"2 minuts\" \/>\n<script type=\"application\/ld+json\" class=\"yoast-schema-graph\">{\"@context\":\"https:\\\/\\\/schema.org\",\"@graph\":[{\"@type\":\"Article\",\"@id\":\"https:\\\/\\\/www.centreinsight.es\\\/ca\\\/blog\\\/jo-no-soc-lansietat-2\\\/#article\",\"isPartOf\":{\"@id\":\"https:\\\/\\\/www.centreinsight.es\\\/ca\\\/blog\\\/jo-no-soc-lansietat-2\\\/\"},\"author\":{\"name\":\"rodanet\",\"@id\":\"https:\\\/\\\/www.centreinsight.es\\\/ca\\\/#\\\/schema\\\/person\\\/960ade137f9355e6016c0895f859b686\"},\"headline\":\"Jo no s\u00f3c l?ansietat\",\"datePublished\":\"2021-11-15T09:36:57+00:00\",\"mainEntityOfPage\":{\"@id\":\"https:\\\/\\\/www.centreinsight.es\\\/ca\\\/blog\\\/jo-no-soc-lansietat-2\\\/\"},\"wordCount\":429,\"image\":{\"@id\":\"https:\\\/\\\/www.centreinsight.es\\\/ca\\\/blog\\\/jo-no-soc-lansietat-2\\\/#primaryimage\"},\"thumbnailUrl\":\"https:\\\/\\\/www.centreinsight.es\\\/wp-content\\\/uploads\\\/3-psicologos-sabadell-23-scaled-1-300x200.jpg\",\"keywords\":[\"Cast\"],\"inLanguage\":\"ca\"},{\"@type\":\"WebPage\",\"@id\":\"https:\\\/\\\/www.centreinsight.es\\\/ca\\\/blog\\\/jo-no-soc-lansietat-2\\\/\",\"url\":\"https:\\\/\\\/www.centreinsight.es\\\/ca\\\/blog\\\/jo-no-soc-lansietat-2\\\/\",\"name\":\"Jo no s\u00f3c l?ansietat - Psic\u00f2legs Sabadell - Psicologia InSight Sabadell\",\"isPartOf\":{\"@id\":\"https:\\\/\\\/www.centreinsight.es\\\/ca\\\/#website\"},\"primaryImageOfPage\":{\"@id\":\"https:\\\/\\\/www.centreinsight.es\\\/ca\\\/blog\\\/jo-no-soc-lansietat-2\\\/#primaryimage\"},\"image\":{\"@id\":\"https:\\\/\\\/www.centreinsight.es\\\/ca\\\/blog\\\/jo-no-soc-lansietat-2\\\/#primaryimage\"},\"thumbnailUrl\":\"https:\\\/\\\/www.centreinsight.es\\\/wp-content\\\/uploads\\\/3-psicologos-sabadell-23-scaled-1-300x200.jpg\",\"datePublished\":\"2021-11-15T09:36:57+00:00\",\"author\":{\"@id\":\"https:\\\/\\\/www.centreinsight.es\\\/ca\\\/#\\\/schema\\\/person\\\/960ade137f9355e6016c0895f859b686\"},\"description\":\"Article de psicologia sobre l'ansietat i l'atribuci\u00f3 d'aquesta cap a la persona mateixa. Psic\u00f2legs Sabadell.\",\"breadcrumb\":{\"@id\":\"https:\\\/\\\/www.centreinsight.es\\\/ca\\\/blog\\\/jo-no-soc-lansietat-2\\\/#breadcrumb\"},\"inLanguage\":\"ca\",\"potentialAction\":[{\"@type\":\"ReadAction\",\"target\":[\"https:\\\/\\\/www.centreinsight.es\\\/ca\\\/blog\\\/jo-no-soc-lansietat-2\\\/\"]}]},{\"@type\":\"ImageObject\",\"inLanguage\":\"ca\",\"@id\":\"https:\\\/\\\/www.centreinsight.es\\\/ca\\\/blog\\\/jo-no-soc-lansietat-2\\\/#primaryimage\",\"url\":\"https:\\\/\\\/www.centreinsight.es\\\/wp-content\\\/uploads\\\/3-psicologos-sabadell-23-scaled-1-300x200.jpg\",\"contentUrl\":\"https:\\\/\\\/www.centreinsight.es\\\/wp-content\\\/uploads\\\/3-psicologos-sabadell-23-scaled-1-300x200.jpg\"},{\"@type\":\"BreadcrumbList\",\"@id\":\"https:\\\/\\\/www.centreinsight.es\\\/ca\\\/blog\\\/jo-no-soc-lansietat-2\\\/#breadcrumb\",\"itemListElement\":[{\"@type\":\"ListItem\",\"position\":1,\"name\":\"Psic\u00f3logo en Sabadell\",\"item\":\"https:\\\/\\\/www.centreinsight.es\\\/ca\\\/\"},{\"@type\":\"ListItem\",\"position\":2,\"name\":\"Jo no s\u00f3c l?ansietat\"}]},{\"@type\":\"WebSite\",\"@id\":\"https:\\\/\\\/www.centreinsight.es\\\/ca\\\/#website\",\"url\":\"https:\\\/\\\/www.centreinsight.es\\\/ca\\\/\",\"name\":\"Centre Insight\",\"description\":\"Centro de psic\u00f3logos en Sabadell\",\"potentialAction\":[{\"@type\":\"SearchAction\",\"target\":{\"@type\":\"EntryPoint\",\"urlTemplate\":\"https:\\\/\\\/www.centreinsight.es\\\/ca\\\/?s={search_term_string}\"},\"query-input\":{\"@type\":\"PropertyValueSpecification\",\"valueRequired\":true,\"valueName\":\"search_term_string\"}}],\"inLanguage\":\"ca\"},{\"@type\":\"Person\",\"@id\":\"https:\\\/\\\/www.centreinsight.es\\\/ca\\\/#\\\/schema\\\/person\\\/960ade137f9355e6016c0895f859b686\",\"name\":\"rodanet\",\"image\":{\"@type\":\"ImageObject\",\"inLanguage\":\"ca\",\"@id\":\"https:\\\/\\\/secure.gravatar.com\\\/avatar\\\/31b2b9590ab743febf969e461319e60af50a500b50c297208e0b4c37d7833b75?s=96&d=mm&r=g\",\"url\":\"https:\\\/\\\/secure.gravatar.com\\\/avatar\\\/31b2b9590ab743febf969e461319e60af50a500b50c297208e0b4c37d7833b75?s=96&d=mm&r=g\",\"contentUrl\":\"https:\\\/\\\/secure.gravatar.com\\\/avatar\\\/31b2b9590ab743febf969e461319e60af50a500b50c297208e0b4c37d7833b75?s=96&d=mm&r=g\",\"caption\":\"rodanet\"},\"sameAs\":[\"https:\\\/\\\/centreinsight.es\"],\"url\":\"https:\\\/\\\/www.centreinsight.es\\\/ca\\\/blog\\\/author\\\/rodanet\\\/\"}]}<\/script>\n<!-- \/ Yoast SEO plugin. -->","yoast_head_json":{"title":"Jo no s\u00f3c l?ansietat - Psic\u00f2legs Sabadell - Psicologia InSight Sabadell","description":"Article de psicologia sobre l'ansietat i l'atribuci\u00f3 d'aquesta cap a la persona mateixa. Psic\u00f2legs Sabadell.","robots":{"index":"index","follow":"follow","max-snippet":"max-snippet:-1","max-image-preview":"max-image-preview:large","max-video-preview":"max-video-preview:-1"},"canonical":"https:\/\/www.centreinsight.es\/ca\/blog\/jo-no-soc-lansietat-2\/","og_locale":"ca_ES","og_type":"article","og_title":"Jo no s\u00f3c l?ansietat - Psic\u00f2legs Sabadell - Psicologia InSight Sabadell","og_description":"Article de psicologia sobre l'ansietat i l'atribuci\u00f3 d'aquesta cap a la persona mateixa. Psic\u00f2legs Sabadell.","og_url":"https:\/\/www.centreinsight.es\/ca\/blog\/jo-no-soc-lansietat-2\/","og_site_name":"Centre Insight","article_publisher":"https:\/\/www.facebook.com\/centrepsicologiainsight","article_published_time":"2021-11-15T09:36:57+00:00","og_image":[{"url":"https:\/\/www.centreinsight.es\/wp-content\/uploads\/3-psicologos-sabadell-23-scaled-1-300x200.jpg","type":"","width":"","height":""}],"author":"rodanet","twitter_card":"summary_large_image","twitter_creator":"@Insightsbd","twitter_site":"@Insightsbd","twitter_misc":{"Escrit per":"rodanet","Temps estimat de lectura":"2 minuts"},"schema":{"@context":"https:\/\/schema.org","@graph":[{"@type":"Article","@id":"https:\/\/www.centreinsight.es\/ca\/blog\/jo-no-soc-lansietat-2\/#article","isPartOf":{"@id":"https:\/\/www.centreinsight.es\/ca\/blog\/jo-no-soc-lansietat-2\/"},"author":{"name":"rodanet","@id":"https:\/\/www.centreinsight.es\/ca\/#\/schema\/person\/960ade137f9355e6016c0895f859b686"},"headline":"Jo no s\u00f3c l?ansietat","datePublished":"2021-11-15T09:36:57+00:00","mainEntityOfPage":{"@id":"https:\/\/www.centreinsight.es\/ca\/blog\/jo-no-soc-lansietat-2\/"},"wordCount":429,"image":{"@id":"https:\/\/www.centreinsight.es\/ca\/blog\/jo-no-soc-lansietat-2\/#primaryimage"},"thumbnailUrl":"https:\/\/www.centreinsight.es\/wp-content\/uploads\/3-psicologos-sabadell-23-scaled-1-300x200.jpg","keywords":["Cast"],"inLanguage":"ca"},{"@type":"WebPage","@id":"https:\/\/www.centreinsight.es\/ca\/blog\/jo-no-soc-lansietat-2\/","url":"https:\/\/www.centreinsight.es\/ca\/blog\/jo-no-soc-lansietat-2\/","name":"Jo no s\u00f3c l?ansietat - Psic\u00f2legs Sabadell - Psicologia InSight Sabadell","isPartOf":{"@id":"https:\/\/www.centreinsight.es\/ca\/#website"},"primaryImageOfPage":{"@id":"https:\/\/www.centreinsight.es\/ca\/blog\/jo-no-soc-lansietat-2\/#primaryimage"},"image":{"@id":"https:\/\/www.centreinsight.es\/ca\/blog\/jo-no-soc-lansietat-2\/#primaryimage"},"thumbnailUrl":"https:\/\/www.centreinsight.es\/wp-content\/uploads\/3-psicologos-sabadell-23-scaled-1-300x200.jpg","datePublished":"2021-11-15T09:36:57+00:00","author":{"@id":"https:\/\/www.centreinsight.es\/ca\/#\/schema\/person\/960ade137f9355e6016c0895f859b686"},"description":"Article de psicologia sobre l'ansietat i l'atribuci\u00f3 d'aquesta cap a la persona mateixa. Psic\u00f2legs Sabadell.","breadcrumb":{"@id":"https:\/\/www.centreinsight.es\/ca\/blog\/jo-no-soc-lansietat-2\/#breadcrumb"},"inLanguage":"ca","potentialAction":[{"@type":"ReadAction","target":["https:\/\/www.centreinsight.es\/ca\/blog\/jo-no-soc-lansietat-2\/"]}]},{"@type":"ImageObject","inLanguage":"ca","@id":"https:\/\/www.centreinsight.es\/ca\/blog\/jo-no-soc-lansietat-2\/#primaryimage","url":"https:\/\/www.centreinsight.es\/wp-content\/uploads\/3-psicologos-sabadell-23-scaled-1-300x200.jpg","contentUrl":"https:\/\/www.centreinsight.es\/wp-content\/uploads\/3-psicologos-sabadell-23-scaled-1-300x200.jpg"},{"@type":"BreadcrumbList","@id":"https:\/\/www.centreinsight.es\/ca\/blog\/jo-no-soc-lansietat-2\/#breadcrumb","itemListElement":[{"@type":"ListItem","position":1,"name":"Psic\u00f3logo en Sabadell","item":"https:\/\/www.centreinsight.es\/ca\/"},{"@type":"ListItem","position":2,"name":"Jo no s\u00f3c l?ansietat"}]},{"@type":"WebSite","@id":"https:\/\/www.centreinsight.es\/ca\/#website","url":"https:\/\/www.centreinsight.es\/ca\/","name":"Centre Insight","description":"Centro de psic\u00f3logos en Sabadell","potentialAction":[{"@type":"SearchAction","target":{"@type":"EntryPoint","urlTemplate":"https:\/\/www.centreinsight.es\/ca\/?s={search_term_string}"},"query-input":{"@type":"PropertyValueSpecification","valueRequired":true,"valueName":"search_term_string"}}],"inLanguage":"ca"},{"@type":"Person","@id":"https:\/\/www.centreinsight.es\/ca\/#\/schema\/person\/960ade137f9355e6016c0895f859b686","name":"rodanet","image":{"@type":"ImageObject","inLanguage":"ca","@id":"https:\/\/secure.gravatar.com\/avatar\/31b2b9590ab743febf969e461319e60af50a500b50c297208e0b4c37d7833b75?s=96&d=mm&r=g","url":"https:\/\/secure.gravatar.com\/avatar\/31b2b9590ab743febf969e461319e60af50a500b50c297208e0b4c37d7833b75?s=96&d=mm&r=g","contentUrl":"https:\/\/secure.gravatar.com\/avatar\/31b2b9590ab743febf969e461319e60af50a500b50c297208e0b4c37d7833b75?s=96&d=mm&r=g","caption":"rodanet"},"sameAs":["https:\/\/centreinsight.es"],"url":"https:\/\/www.centreinsight.es\/ca\/blog\/author\/rodanet\/"}]}},"_links":{"self":[{"href":"https:\/\/www.centreinsight.es\/ca\/wp-json\/wp\/v2\/posts\/9588","targetHints":{"allow":["GET"]}}],"collection":[{"href":"https:\/\/www.centreinsight.es\/ca\/wp-json\/wp\/v2\/posts"}],"about":[{"href":"https:\/\/www.centreinsight.es\/ca\/wp-json\/wp\/v2\/types\/post"}],"author":[{"embeddable":true,"href":"https:\/\/www.centreinsight.es\/ca\/wp-json\/wp\/v2\/users\/1"}],"replies":[{"embeddable":true,"href":"https:\/\/www.centreinsight.es\/ca\/wp-json\/wp\/v2\/comments?post=9588"}],"version-history":[{"count":0,"href":"https:\/\/www.centreinsight.es\/ca\/wp-json\/wp\/v2\/posts\/9588\/revisions"}],"wp:attachment":[{"href":"https:\/\/www.centreinsight.es\/ca\/wp-json\/wp\/v2\/media?parent=9588"}],"wp:term":[{"taxonomy":"category","embeddable":true,"href":"https:\/\/www.centreinsight.es\/ca\/wp-json\/wp\/v2\/categories?post=9588"},{"taxonomy":"post_tag","embeddable":true,"href":"https:\/\/www.centreinsight.es\/ca\/wp-json\/wp\/v2\/tags?post=9588"}],"curies":[{"name":"wp","href":"https:\/\/api.w.org\/{rel}","templated":true}]}}